{"id":2139,"date":"2020-11-05T14:12:12","date_gmt":"2020-11-05T14:12:12","guid":{"rendered":"http:\/\/croma.irontemplates.com\/lowtempo\/?p=82"},"modified":"2021-02-10T21:41:35","modified_gmt":"2021-02-10T21:41:35","slug":"nicola-ciccone-lance-ils-ont-ferme-le-monde","status":"publish","type":"post","link":"http:\/\/jfadam.com\/appro\/PGI\/nicola-ciccone-lance-ils-ont-ferme-le-monde\/","title":{"rendered":"Nicola Ciccone lance Ils ont ferm\u00e9 le monde"},"content":{"rendered":"<p><strong>Premier extrait d\u2019un projet musical \u00e0 paraitre au printemps!<\/strong><\/p>\r\n<p>Il y a un peu plus de six mois, la plan\u00e8te s\u2019est arr\u00eat\u00e9e \u00e0 cause de la pand\u00e9mie. Comme tout le monde,\u00a0<a href=\"http:\/\/jfadam.com\/appro\/PGI\/artistes\/nicola-ciccone\/\" target=\"_blank\" rel=\"noopener noreferrer\">Nicola Ciccone<\/a>\u00a0s\u2019est retrouv\u00e9 en confinement. \u00abBien que j\u2019\u00e9tais un peu d\u00e9stabilis\u00e9 de voir mes nombreux spectacles report\u00e9s, j\u2019ai fait de mon mieux pour m\u2019adapter. J\u2019ai voulu transformer le n\u00e9gatif en positif. Bref, j\u2019ai d\u00e9cid\u00e9 de me construire un studio \u00e0 la maison et de commencer l\u2019\u00e9criture d\u2019un nouveau projet musical !\u00bb a-t-il comment\u00e9.<\/p>\r\n<p>La premi\u00e8re pi\u00e8ce qu\u2019il pr\u00e9sente, tr\u00e8s rythm\u00e9e (et parfaite pour courir!), s\u2019intitule Ils ont ferm\u00e9 le monde. Elle parle de l\u2019isolement que nous vivons tous depuis des mois et du d\u00e9sir de revoir nos \u00eatres les plus chers :<\/p>\r\n<div class=\"o9v6fnle cxmmr5t8 oygrvhab hcukyx3x c1et5uql ii04i59q\">\r\n<div dir=\"auto\">Ils ont ferm\u00e9 le monde<\/div>\r\n<div dir=\"auto\">Comme on ferme une prison<\/div>\r\n<div dir=\"auto\">Toute la terre est en quarantaine<\/div>\r\n<div dir=\"auto\">Chaque humain attend dans son isolement<\/div>\r\n<div dir=\"auto\">\u00a0<\/div>\r\n<\/div>\r\n<div class=\"o9v6fnle cxmmr5t8 oygrvhab hcukyx3x c1et5uql ii04i59q\">\r\n<div dir=\"auto\">Ils ont ferm\u00e9 le monde<\/div>\r\n<div dir=\"auto\">Banni tout rassemblement<\/div>\r\n<div dir=\"auto\">Mais pourtant pour te revoir<\/div>\r\n<div dir=\"auto\">\u00c0 chaque jour je r\u00eave \u00e0 mon \u00e9vasion<\/div>\r\n<\/div>\r\n<p>N\u2019ayant pas acc\u00e8s \u00e0 ses musiciens, Nicola a travaill\u00e9 autrement qu\u2019\u00e0 son habitude. Il s\u2019est mis \u00e0 composer sur des rythmes et des s\u00e9quences. \u00ab\u00c7a m\u2019a permis de m\u2019amuser et d\u2019obtenir un r\u00e9sultat diff\u00e9rent !\u00bb<\/p>\r\n<p>\u00abPersonne ne peut deviner quand le confinement prendra fin et que les spectacles recommenceront. Tout ce qu\u2019on sait, c\u2019est qu\u2019il y aura une fin \u00e0 cette pand\u00e9mie et qu\u2019il y aura un printemps \u00bb. Nourri de cet espoir, Nicola continue de travailler sur son nouveau projet qui sera lanc\u00e9 une fois l\u2019hiver termin\u00e9. \u00abLe nerf de la guerre, c\u2019est de ne pas se d\u00e9courager et de continuer \u00e0 faire ce qu\u2019on aime\u00bb a-t-il conclu.<\/p>\r\n<p>Pour \u00e9couter ce premier extrait, c\u2019est ici :\u00a0<a href=\"https:\/\/www.youtube.com\/watch?v=YngreCC0afA\" target=\"_blank\" rel=\"noopener noreferrer\">https:\/\/www.youtube.com\/watch?v=YngreCC0afA<\/a><\/p>\r\n\r\n<figure class=\"wp-block-embed-youtube wp-block-embed is-type-video is-provider-youtube wp-embed-aspect-16-9 wp-has-aspect-ratio\">\r\n<div class=\"wp-block-embed__wrapper\">https:\/\/www.youtube.com\/watch?v=YngreCC0afA<\/div>\r\n<\/figure>\r\n","protected":false},"excerpt":{"rendered":"<p>Premier extrait d\u2019un projet musical \u00e0 paraitre au printemps! Il y a un peu plus de six mois, la plan\u00e8te s\u2019est arr\u00eat\u00e9e \u00e0 cause de la pand\u00e9mie. Comme tout le monde,\u00a0Nicola Ciccone\u00a0s\u2019est retrouv\u00e9 en confinement. \u00abBien que j\u2019\u00e9tais un peu d\u00e9stabilis\u00e9 de voir mes nombreux spectacles report\u00e9s, j\u2019ai fait de mon mieux pour m\u2019adapter. J\u2019ai voulu transformer le n\u00e9gatif en positif. Bref, j\u2019ai d\u00e9cid\u00e9 de me construire un studio \u00e0 la maison et de commencer l\u2019\u00e9criture d\u2019un nouveau projet musical [&hellip;]<\/p>\n","protected":false},"author":2,"featured_media":3113,"comment_status":"closed","ping_status":"closed","sticky":false,"template":"","format":"standard","meta":[],"categories":[15],"tags":[],"_links":{"self":[{"href":"http:\/\/jfadam.com\/appro\/PGI\/wp-json\/wp\/v2\/posts\/2139"}],"collection":[{"href":"http:\/\/jfadam.com\/appro\/PGI\/wp-json\/wp\/v2\/posts"}],"about":[{"href":"http:\/\/jfadam.com\/appro\/PGI\/wp-json\/wp\/v2\/types\/post"}],"author":[{"embeddable":true,"href":"http:\/\/jfadam.com\/appro\/PGI\/wp-json\/wp\/v2\/users\/2"}],"replies":[{"embeddable":true,"href":"http:\/\/jfadam.com\/appro\/PGI\/wp-json\/wp\/v2\/comments?post=2139"}],"version-history":[{"count":3,"href":"http:\/\/jfadam.com\/appro\/PGI\/wp-json\/wp\/v2\/posts\/2139\/revisions"}],"predecessor-version":[{"id":3114,"href":"http:\/\/jfadam.com\/appro\/PGI\/wp-json\/wp\/v2\/posts\/2139\/revisions\/3114"}],"wp:featuredmedia":[{"embeddable":true,"href":"http:\/\/jfadam.com\/appro\/PGI\/wp-json\/wp\/v2\/media\/3113"}],"wp:attachment":[{"href":"http:\/\/jfadam.com\/appro\/PGI\/wp-json\/wp\/v2\/media?parent=2139"}],"wp:term":[{"taxonomy":"category","embeddable":true,"href":"http:\/\/jfadam.com\/appro\/PGI\/wp-json\/wp\/v2\/categories?post=2139"},{"taxonomy":"post_tag","embeddable":true,"href":"http:\/\/jfadam.com\/appro\/PGI\/wp-json\/wp\/v2\/tags?post=2139"}],"curies":[{"name":"wp","href":"https:\/\/api.w.org\/{rel}","templated":true}]}}