{"id":2957,"date":"2021-01-11T20:39:18","date_gmt":"2021-01-11T20:39:18","guid":{"rendered":"http:\/\/jfadam.com\/appro\/PGI\/?p=2957"},"modified":"2021-02-25T11:44:21","modified_gmt":"2021-02-25T16:44:21","slug":"marc-antoine-daragon-maintenant-represente-chez-pgi","status":"publish","type":"post","link":"http:\/\/jfadam.com\/appro\/PGI\/marc-antoine-daragon-maintenant-represente-chez-pgi\/","title":{"rendered":"Marc-Antoine d&rsquo;Aragon maintenant repr\u00e9sent\u00e9 chez PGI!"},"content":{"rendered":"\r\n<p>L\u2019\u00e9quipe de Pierre Gravel International est fi\u00e8re de repr\u00e9senter\u00a0<a href=\"http:\/\/jfadam.com\/appro\/PGI\/artistes\/marc-antoine-daragon\/\" target=\"_blank\" rel=\"noreferrer noopener\">Marc-Antoine d\u2019Aragon<\/a>. Baryton et entrepreneur, il poursuit une carri\u00e8re lyrique internationale chantant concerts et op\u00e9ras et est le chanteur du groupe Boh\u00e8me. Il s\u2019est distingu\u00e9 sur sc\u00e8ne lors de nombreux concours : OSM, Marmande, Liederkranz, MET National Council Auditions. Gradu\u00e9 de HEC, Musitechnic, Universit\u00e9 de Montr\u00e9al et McGill, il a compl\u00e9t\u00e9 son doctorat en interpr\u00e9tation.<\/p>\r\n\r\n\r\n\r\n<p>Il est aussi consultant, conf\u00e9rencier, professeur et r\u00e9alisateur. Directeur g\u00e9n\u00e9ral du Choeur de la Montagne, il est aussi fondateur de Artist.Center et du studio Tourneson et a publi\u00e9 le livre \u00abDes cr\u00eapes \u00e0 l\u2019op\u00e9ra\u00bb.<\/p>\r\n\r\n\r\n\r\n<p><strong>D\u00e9couvrez-le<\/strong><\/p>\r\n\r\n<p><iframe loading=\"lazy\" src=\"https:\/\/www.youtube.com\/embed\/3TI6241AM4g\" width=\"560\" height=\"315\" frameborder=\"0\" allowfullscreen=\"allowfullscreen\"><\/iframe><\/p>\r\n\r\n<p>Bienvenue chez PGI, Marc-Antoine!<\/p>\r\n","protected":false},"excerpt":{"rendered":"<p>L\u2019\u00e9quipe de Pierre Gravel International est fi\u00e8re de repr\u00e9senter\u00a0Marc-Antoine d\u2019Aragon. Baryton et entrepreneur, il poursuit une carri\u00e8re lyrique internationale chantant concerts et op\u00e9ras et est le chanteur du groupe Boh\u00e8me. Il s\u2019est distingu\u00e9 sur sc\u00e8ne lors de nombreux concours : OSM, Marmande, Liederkranz, MET National Council Auditions. Gradu\u00e9 de HEC, Musitechnic, Universit\u00e9 de Montr\u00e9al et McGill, il a compl\u00e9t\u00e9 son doctorat en interpr\u00e9tation. Il est aussi consultant, conf\u00e9rencier, professeur et r\u00e9alisateur. Directeur g\u00e9n\u00e9ral du Choeur de la Montagne, il est [&hellip;]<\/p>\n","protected":false},"author":2,"featured_media":3111,"comment_status":"open","ping_status":"open","sticky":false,"template":"","format":"standard","meta":[],"categories":[15],"tags":[],"_links":{"self":[{"href":"http:\/\/jfadam.com\/appro\/PGI\/wp-json\/wp\/v2\/posts\/2957"}],"collection":[{"href":"http:\/\/jfadam.com\/appro\/PGI\/wp-json\/wp\/v2\/posts"}],"about":[{"href":"http:\/\/jfadam.com\/appro\/PGI\/wp-json\/wp\/v2\/types\/post"}],"author":[{"embeddable":true,"href":"http:\/\/jfadam.com\/appro\/PGI\/wp-json\/wp\/v2\/users\/2"}],"replies":[{"embeddable":true,"href":"http:\/\/jfadam.com\/appro\/PGI\/wp-json\/wp\/v2\/comments?post=2957"}],"version-history":[{"count":3,"href":"http:\/\/jfadam.com\/appro\/PGI\/wp-json\/wp\/v2\/posts\/2957\/revisions"}],"predecessor-version":[{"id":4938,"href":"http:\/\/jfadam.com\/appro\/PGI\/wp-json\/wp\/v2\/posts\/2957\/revisions\/4938"}],"wp:featuredmedia":[{"embeddable":true,"href":"http:\/\/jfadam.com\/appro\/PGI\/wp-json\/wp\/v2\/media\/3111"}],"wp:attachment":[{"href":"http:\/\/jfadam.com\/appro\/PGI\/wp-json\/wp\/v2\/media?parent=2957"}],"wp:term":[{"taxonomy":"category","embeddable":true,"href":"http:\/\/jfadam.com\/appro\/PGI\/wp-json\/wp\/v2\/categories?post=2957"},{"taxonomy":"post_tag","embeddable":true,"href":"http:\/\/jfadam.com\/appro\/PGI\/wp-json\/wp\/v2\/tags?post=2957"}],"curies":[{"name":"wp","href":"https:\/\/api.w.org\/{rel}","templated":true}]}}