{"id":3116,"date":"2020-10-19T20:05:00","date_gmt":"2020-10-19T20:05:00","guid":{"rendered":"http:\/\/jfadam.com\/appro\/PGI\/?p=3116"},"modified":"2021-02-02T20:00:26","modified_gmt":"2021-02-02T20:00:26","slug":"marc-hervieux-chante-noel-en-virtuel","status":"publish","type":"post","link":"http:\/\/jfadam.com\/appro\/PGI\/marc-hervieux-chante-noel-en-virtuel\/","title":{"rendered":"Marc Hervieux chante No\u00ebl en virtuel"},"content":{"rendered":"<p>Tout juste avec No\u00ebl, Marc Hervieux se fait plaisir en vous retrouvant pour une soir\u00e9e remplie de chaleur humaine, de chansons et de traditions du temps des f\u00eates.<\/p>\n<p>Dans le confort de votre foyer, retrouvez-vous pour chanter No\u00ebl, sa famille, la v\u00f4tre et ses merveilleux musiciens. Vous pourrez m\u00eame \u00eatre en contact pour \u00e9changer sur votre plaisir de c\u00e9l\u00e9brer contre vents et marr\u00e9es. En pr\u00e9paration pour le temps des f\u00eates, le dimanche soir 20 d\u00e9cembre \u00e0 19h, c\u2019est rendez-vous pour passer une soir\u00e9e des plus r\u00e9confortante.<\/p>\n<p>Pour plus de d\u00e9tails et pour vous procurer votre billet :\u00a0<a href=\"https:\/\/livedanstonsalon.com\/concert\/marc-hervieux\/?fbclid=IwAR2awkkx4XuZVTB5Ad9jgAtb7Pv2cn6v0YRLHQYczIXuCYdPa6nnUkKp6Uc\" target=\"_blank\" rel=\"noopener noreferrer\">https:\/\/livedanstonsalon.com\/concert\/marc-hervieux\/<\/a><\/p>\n<p><img loading=\"lazy\" class=\"alignnone size-full wp-image-3117\" src=\"http:\/\/cdn.pierregravel.com\/appro\/PGI\/wp-content\/uploads\/2021\/01\/noel.jpg\" alt=\"\" width=\"526\" height=\"526\" srcset=\"http:\/\/cdn.pierregravel.com\/appro\/PGI\/wp-content\/uploads\/2021\/01\/noel.jpg 526w, http:\/\/cdn.pierregravel.com\/appro\/PGI\/wp-content\/uploads\/2021\/01\/noel-150x150.jpg 150w\" sizes=\"(max-width: 526px) 100vw, 526px\" \/><\/p>\n<p>Pour toutes questions concernant le spectacle ou l\u2019achat de billets, communiquez avec le service \u00e0 la client\u00e8le de Live dans ton salon par courriel (<a href=\"mailto:info@livedanstonsalon.com\">info@livedanstonsalon.com<\/a>) ou t\u00e9l\u00e9phone (1\u00a0844\u00a0227-7632, poste\u00a03).<\/p>\n","protected":false},"excerpt":{"rendered":"<p>Tout juste avec No\u00ebl, Marc Hervieux se fait plaisir en vous retrouvant pour une soir\u00e9e remplie de chaleur humaine, de chansons et de traditions du temps des f\u00eates. Dans le confort de votre foyer, retrouvez-vous pour chanter No\u00ebl, sa famille, la v\u00f4tre et ses merveilleux musiciens. Vous pourrez m\u00eame \u00eatre en contact pour \u00e9changer sur votre plaisir de c\u00e9l\u00e9brer contre vents et marr\u00e9es. En pr\u00e9paration pour le temps des f\u00eates, le dimanche soir 20 d\u00e9cembre \u00e0 19h, c\u2019est rendez-vous pour [&hellip;]<\/p>\n","protected":false},"author":2,"featured_media":3119,"comment_status":"open","ping_status":"open","sticky":false,"template":"","format":"standard","meta":[],"categories":[33],"tags":[],"_links":{"self":[{"href":"http:\/\/jfadam.com\/appro\/PGI\/wp-json\/wp\/v2\/posts\/3116"}],"collection":[{"href":"http:\/\/jfadam.com\/appro\/PGI\/wp-json\/wp\/v2\/posts"}],"about":[{"href":"http:\/\/jfadam.com\/appro\/PGI\/wp-json\/wp\/v2\/types\/post"}],"author":[{"embeddable":true,"href":"http:\/\/jfadam.com\/appro\/PGI\/wp-json\/wp\/v2\/users\/2"}],"replies":[{"embeddable":true,"href":"http:\/\/jfadam.com\/appro\/PGI\/wp-json\/wp\/v2\/comments?post=3116"}],"version-history":[{"count":1,"href":"http:\/\/jfadam.com\/appro\/PGI\/wp-json\/wp\/v2\/posts\/3116\/revisions"}],"predecessor-version":[{"id":3118,"href":"http:\/\/jfadam.com\/appro\/PGI\/wp-json\/wp\/v2\/posts\/3116\/revisions\/3118"}],"wp:featuredmedia":[{"embeddable":true,"href":"http:\/\/jfadam.com\/appro\/PGI\/wp-json\/wp\/v2\/media\/3119"}],"wp:attachment":[{"href":"http:\/\/jfadam.com\/appro\/PGI\/wp-json\/wp\/v2\/media?parent=3116"}],"wp:term":[{"taxonomy":"category","embeddable":true,"href":"http:\/\/jfadam.com\/appro\/PGI\/wp-json\/wp\/v2\/categories?post=3116"},{"taxonomy":"post_tag","embeddable":true,"href":"http:\/\/jfadam.com\/appro\/PGI\/wp-json\/wp\/v2\/tags?post=3116"}],"curies":[{"name":"wp","href":"https:\/\/api.w.org\/{rel}","templated":true}]}}