{"id":3171,"date":"2019-07-24T16:28:48","date_gmt":"2019-07-24T16:28:48","guid":{"rendered":"http:\/\/jfadam.com\/appro\/PGI\/?p=3171"},"modified":"2021-01-15T16:31:10","modified_gmt":"2021-01-15T16:31:10","slug":"jerome-couture-sera-represente-par-pgi","status":"publish","type":"post","link":"http:\/\/jfadam.com\/appro\/PGI\/jerome-couture-sera-represente-par-pgi\/","title":{"rendered":"J\u00e9r\u00f4me Couture sera repr\u00e9sent\u00e9 par PGI!"},"content":{"rendered":"<h2 class=\"kno-ecr-pt kno-fb-ctx PZPZlf gsmt\" data-local-attribute=\"d3bn\" data-attrid=\"title\" data-ved=\"2ahUKEwjApOeZkc7jAhWEVc0KHUOkDYIQ3B0oATAZegQIDRAM\"><strong>J\u00e9r\u00f4me Couture<\/strong><\/h2>\n<p class=\"kno-ecr-pt kno-fb-ctx PZPZlf gsmt\" data-local-attribute=\"d3bn\" data-attrid=\"title\" data-ved=\"2ahUKEwjApOeZkc7jAhWEVc0KHUOkDYIQ3B0oATAZegQIDRAM\"><em>Auteur-compositeur-interpr\u00e8te<\/em><\/p>\n<h4>Sa passion lui trace la route<\/h4>\n<p>J\u00e9r\u00f4me Couture voit le jour le 13 ao\u00fbt 1984 et d\u00e9veloppe tr\u00e8s jeune son talent pour la musique. Il commence en effet \u00e0 suivre des cours de guitare d\u00e8s l\u2019\u00e2ge de huit ans, puis, quelques ann\u00e9es plus tard, son int\u00e9r\u00eat pour le chant s\u2019accro\u00eet au point o\u00f9 il met sa voix au service de diverses chorales. Il tente ensuite sa chance en s\u2019inscrivant \u00e0 plusieurs concours de chant r\u00e9gionaux et remporte, en 2002, la 11e \u00e9dition du Festival de la chanson de Saint-Ambroise cat\u00e9gorie \u00ab Interpr\u00e8te, 18 ans et plus \u00bb, puis, en 2006, le concours de chant du Cabaret de la rel\u00e8ve Desjardins (dans la m\u00eame cat\u00e9gorie). Fervent amoureux des chants dits \u00ab a capella \u00bb, il int\u00e8gre la formation Octu-Art sp\u00e9cialis\u00e9e dans les harmonies vocales. Le groupe se produit essentiellement dans la r\u00e9gion de Jonqui\u00e8re, au Saguenay\u2013Lac-Saint-Jean, r\u00e9gion dont il est originaire. Aujourd\u2019hui \u00e2g\u00e9 de 29 ans, on peut affirmer sans se tromper qu\u2019il poss\u00e8de une solide expertise dans le domaine musical.<\/p>\n","protected":false},"excerpt":{"rendered":"<p>J\u00e9r\u00f4me Couture Auteur-compositeur-interpr\u00e8te Sa passion lui trace la route J\u00e9r\u00f4me Couture voit le jour le 13 ao\u00fbt 1984 et d\u00e9veloppe tr\u00e8s jeune son talent pour la musique. Il commence en effet \u00e0 suivre des cours de guitare d\u00e8s l\u2019\u00e2ge de huit ans, puis, quelques ann\u00e9es plus tard, son int\u00e9r\u00eat pour le chant s\u2019accro\u00eet au point o\u00f9 il met sa voix au service de diverses chorales. Il tente ensuite sa chance en s\u2019inscrivant \u00e0 plusieurs concours de chant r\u00e9gionaux et remporte, [&hellip;]<\/p>\n","protected":false},"author":2,"featured_media":3172,"comment_status":"open","ping_status":"open","sticky":false,"template":"","format":"standard","meta":[],"categories":[15],"tags":[],"_links":{"self":[{"href":"http:\/\/jfadam.com\/appro\/PGI\/wp-json\/wp\/v2\/posts\/3171"}],"collection":[{"href":"http:\/\/jfadam.com\/appro\/PGI\/wp-json\/wp\/v2\/posts"}],"about":[{"href":"http:\/\/jfadam.com\/appro\/PGI\/wp-json\/wp\/v2\/types\/post"}],"author":[{"embeddable":true,"href":"http:\/\/jfadam.com\/appro\/PGI\/wp-json\/wp\/v2\/users\/2"}],"replies":[{"embeddable":true,"href":"http:\/\/jfadam.com\/appro\/PGI\/wp-json\/wp\/v2\/comments?post=3171"}],"version-history":[{"count":2,"href":"http:\/\/jfadam.com\/appro\/PGI\/wp-json\/wp\/v2\/posts\/3171\/revisions"}],"predecessor-version":[{"id":3174,"href":"http:\/\/jfadam.com\/appro\/PGI\/wp-json\/wp\/v2\/posts\/3171\/revisions\/3174"}],"wp:featuredmedia":[{"embeddable":true,"href":"http:\/\/jfadam.com\/appro\/PGI\/wp-json\/wp\/v2\/media\/3172"}],"wp:attachment":[{"href":"http:\/\/jfadam.com\/appro\/PGI\/wp-json\/wp\/v2\/media?parent=3171"}],"wp:term":[{"taxonomy":"category","embeddable":true,"href":"http:\/\/jfadam.com\/appro\/PGI\/wp-json\/wp\/v2\/categories?post=3171"},{"taxonomy":"post_tag","embeddable":true,"href":"http:\/\/jfadam.com\/appro\/PGI\/wp-json\/wp\/v2\/tags?post=3171"}],"curies":[{"name":"wp","href":"https:\/\/api.w.org\/{rel}","templated":true}]}}